{"id":601,"date":"2024-09-15T16:56:05","date_gmt":"2024-09-15T16:56:05","guid":{"rendered":"https:\/\/berkolgayrimenkul.com.tr\/?p=601"},"modified":"2024-09-15T17:56:40","modified_gmt":"2024-09-15T17:56:40","slug":"avkim-avrupa-yakasi-kargo-isleme-merkezi-116-ada","status":"publish","type":"post","link":"https:\/\/berkolgayrimenkul.com.tr\/?p=601","title":{"rendered":"AVK\u0130M Avrupa Yakas\u0131 Kargo \u0130\u015fleme Merkezi (116 Ada)"},"content":{"rendered":"\t\t<div data-elementor-type=\"wp-post\" data-elementor-id=\"601\" class=\"elementor elementor-601\" data-elementor-post-type=\"post\">\n\t\t\t\t<div class=\"elementor-element elementor-element-1cedc39 e-flex e-con-boxed e-con e-parent\" data-id=\"1cedc39\" data-element_type=\"container\">\n\t\t\t\t\t<div class=\"e-con-inner\">\n\t\t\t\t<div class=\"elementor-element elementor-element-fdc19ca elementor-widget elementor-widget-image-carousel\" data-id=\"fdc19ca\" data-element_type=\"widget\" data-settings=\"{&quot;slides_to_show&quot;:&quot;3&quot;,&quot;slides_to_scroll&quot;:&quot;1&quot;,&quot;navigation&quot;:&quot;none&quot;,&quot;autoplay&quot;:&quot;yes&quot;,&quot;pause_on_hover&quot;:&quot;yes&quot;,&quot;pause_on_interaction&quot;:&quot;yes&quot;,&quot;autoplay_speed&quot;:5000,&quot;infinite&quot;:&quot;yes&quot;,&quot;speed&quot;:500}\" data-widget_type=\"image-carousel.default\">\n\t\t\t\t<div class=\"elementor-widget-container\">\n\t\t\t\t\t<div class=\"elementor-image-carousel-wrapper swiper\" dir=\"ltr\">\n\t\t\t<div class=\"elementor-image-carousel swiper-wrapper swiper-image-stretch\" aria-live=\"off\">\n\t\t\t\t\t\t\t\t<div class=\"swiper-slide\" role=\"group\" aria-roledescription=\"slide\" aria-label=\"1 \/ 3\"><a data-elementor-open-lightbox=\"yes\" data-elementor-lightbox-slideshow=\"fdc19ca\" data-e-action-hash=\"#elementor-action%3Aaction%3Dlightbox%26settings%3DeyJpZCI6NjEyLCJ1cmwiOmZhbHNlLCJzbGlkZXNob3ciOiJmZGMxOWNhIn0%3D\"><figure class=\"swiper-slide-inner\"><img decoding=\"async\" class=\"swiper-slide-image\" src=\"https:\/\/berkolgayrimenkul.com.tr\/wp-content\/uploads\/2024\/09\/dji-0184.jpg\" alt=\"\" \/><\/figure><\/a><\/div><div class=\"swiper-slide\" role=\"group\" aria-roledescription=\"slide\" aria-label=\"2 \/ 3\"><a data-elementor-open-lightbox=\"yes\" data-elementor-lightbox-slideshow=\"fdc19ca\" data-e-action-hash=\"#elementor-action%3Aaction%3Dlightbox%26settings%3DeyJpZCI6NTQ4LCJ1cmwiOmZhbHNlLCJzbGlkZXNob3ciOiJmZGMxOWNhIn0%3D\"><figure class=\"swiper-slide-inner\"><img decoding=\"async\" class=\"swiper-slide-image\" src=\"https:\/\/berkolgayrimenkul.com.tr\/wp-content\/uploads\/2024\/09\/dji-0193-2.jpg\" alt=\"\" \/><\/figure><\/a><\/div><div class=\"swiper-slide\" role=\"group\" aria-roledescription=\"slide\" aria-label=\"3 \/ 3\"><a data-elementor-open-lightbox=\"yes\" data-elementor-lightbox-slideshow=\"fdc19ca\" data-e-action-hash=\"#elementor-action%3Aaction%3Dlightbox%26settings%3DeyJpZCI6NjEzLCJ1cmwiOmZhbHNlLCJzbGlkZXNob3ciOiJmZGMxOWNhIn0%3D\"><figure class=\"swiper-slide-inner\"><img decoding=\"async\" class=\"swiper-slide-image\" src=\"https:\/\/berkolgayrimenkul.com.tr\/wp-content\/uploads\/2024\/09\/dji-0190.jpg\" alt=\"\" \/><\/figure><\/a><\/div>\t\t\t<\/div>\n\t\t\t\t\t\t\t\n\t\t\t\t\t\t\t\t\t<\/div>\n\t\t\t\t<\/div>\n\t\t\t\t<\/div>\n\t\t\t\t\t<\/div>\n\t\t\t\t<\/div>\n\t\t<div class=\"elementor-element elementor-element-ea140b2 e-flex e-con-boxed e-con e-parent\" data-id=\"ea140b2\" data-element_type=\"container\">\n\t\t\t\t\t<div class=\"e-con-inner\">\n\t\t\t\t<div class=\"elementor-element elementor-element-016c4c7 elementor-widget elementor-widget-heading\" data-id=\"016c4c7\" data-element_type=\"widget\" data-widget_type=\"heading.default\">\n\t\t\t\t<div class=\"elementor-widget-container\">\n\t\t\t<h2 class=\"elementor-heading-title elementor-size-default\">AVK\u0130M Avrupa Yakas\u0131 Kargo \u0130\u015fleme Merkezi (116 Ada)<\/h2>\t\t<\/div>\n\t\t\t\t<\/div>\n\t\t\t\t<div class=\"elementor-element elementor-element-dc112fa elementor-widget elementor-widget-text-editor\" data-id=\"dc112fa\" data-element_type=\"widget\" data-widget_type=\"text-editor.default\">\n\t\t\t\t<div class=\"elementor-widget-container\">\n\t\t\t\t\t\t\t<p>Toplu Konut \u0130daresi (TOK\u0130), PTT Genel M\u00fcd\u00fcrl\u00fc\u011f\u00fc i\u00e7in \u0130stanbul Had\u0131mk\u00f6y AKPINAR SANAY\u0130 B\u00d6LGES\u0130NDE dev bir posta ve kargo i\u015fleme merkezi in\u015fa etti. \u015eu anda Posta ve Kargo \u0130\u015fleme Merkezi faaliyetlerine devam etmektedir.<\/p><p>Japonya`dan getirilen otomatik mektup ve kargo ay\u0131rma sistemi sayesinde, posta hizmetlerinde; en y\u00fcksek h\u0131z, en d\u00fc\u015f\u00fck hata d\u00f6nemi ba\u015flam\u0131\u015ft\u0131r. Yeni sistemde, b\u00fct\u00fcn adresler, cadde, sokak, kap\u0131 numaralar\u0131na kadar i\u015flenmi\u015ftir. Sistemin sahip oldu\u011fu adres veri taban\u0131 sayesinde, el yaz\u0131s\u0131yla yaz\u0131lan adresler bile an\u0131nda okunarak otomatik \u015fekilde ayr\u0131ma tabi tutulmaktad\u0131r. Toplu g\u00f6nderilerin y\u00fczde 80`lik k\u0131sm\u0131n\u0131n yap\u0131ld\u0131\u011f\u0131 \u0130stanbul`da ayr\u0131mdan kaynaklanan zaman kayb\u0131 ortadan kalkm\u0131\u015ft\u0131r.<\/p>\t\t\t\t\t\t<\/div>\n\t\t\t\t<\/div>\n\t\t\t\t\t<\/div>\n\t\t\t\t<\/div>\n\t\t\t\t<\/div>\n\t\t","protected":false},"excerpt":{"rendered":"<p>AVK\u0130M Avrupa Yakas\u0131 Kargo \u0130\u015fleme Merkezi (116 Ada) Toplu Konut [&hellip;]<\/p>\n","protected":false},"author":1,"featured_media":0,"comment_status":"open","ping_status":"open","sticky":false,"template":"elementor_header_footer","format":"standard","meta":{"footnotes":""},"categories":[6],"tags":[],"class_list":["post-601","post","type-post","status-publish","format-standard","hentry","category-blog"],"_links":{"self":[{"href":"https:\/\/berkolgayrimenkul.com.tr\/index.php?rest_route=\/wp\/v2\/posts\/601","targetHints":{"allow":["GET"]}}],"collection":[{"href":"https:\/\/berkolgayrimenkul.com.tr\/index.php?rest_route=\/wp\/v2\/posts"}],"about":[{"href":"https:\/\/berkolgayrimenkul.com.tr\/index.php?rest_route=\/wp\/v2\/types\/post"}],"author":[{"embeddable":true,"href":"https:\/\/berkolgayrimenkul.com.tr\/index.php?rest_route=\/wp\/v2\/users\/1"}],"replies":[{"embeddable":true,"href":"https:\/\/berkolgayrimenkul.com.tr\/index.php?rest_route=%2Fwp%2Fv2%2Fcomments&post=601"}],"version-history":[{"count":15,"href":"https:\/\/berkolgayrimenkul.com.tr\/index.php?rest_route=\/wp\/v2\/posts\/601\/revisions"}],"predecessor-version":[{"id":662,"href":"https:\/\/berkolgayrimenkul.com.tr\/index.php?rest_route=\/wp\/v2\/posts\/601\/revisions\/662"}],"wp:attachment":[{"href":"https:\/\/berkolgayrimenkul.com.tr\/index.php?rest_route=%2Fwp%2Fv2%2Fmedia&parent=601"}],"wp:term":[{"taxonomy":"category","embeddable":true,"href":"https:\/\/berkolgayrimenkul.com.tr\/index.php?rest_route=%2Fwp%2Fv2%2Fcategories&post=601"},{"taxonomy":"post_tag","embeddable":true,"href":"https:\/\/berkolgayrimenkul.com.tr\/index.php?rest_route=%2Fwp%2Fv2%2Ftags&post=601"}],"curies":[{"name":"wp","href":"https:\/\/api.w.org\/{rel}","templated":true}]}}